{"id":388,"date":"2023-10-03T19:16:19","date_gmt":"2023-10-03T23:16:19","guid":{"rendered":"https:\/\/copardom.org\/?p=388"},"modified":"2023-10-12T21:49:02","modified_gmt":"2023-10-13T01:49:02","slug":"comunicado-de-prensa","status":"publish","type":"post","link":"https:\/\/copardom.org\/index.php\/2023\/10\/03\/comunicado-de-prensa\/","title":{"rendered":"Comunicado de prensa"},"content":{"rendered":"\n<figure class=\"wp-block-gallery has-nested-images columns-default is-cropped wp-block-gallery-1 is-layout-flex wp-block-gallery-is-layout-flex\">\n<figure class=\"wp-block-image size-large\"><img loading=\"lazy\" decoding=\"async\" width=\"1024\" height=\"656\" data-id=\"390\" src=\"https:\/\/copardom.org\/wp-content\/uploads\/2023\/10\/Captura-de-pantalla-2023-10-03-a-las-17.13.21-1024x656.png\" alt=\"\" class=\"wp-image-390\" srcset=\"https:\/\/copardom.org\/wp-content\/uploads\/2023\/10\/Captura-de-pantalla-2023-10-03-a-las-17.13.21-1024x656.png 1024w, https:\/\/copardom.org\/wp-content\/uploads\/2023\/10\/Captura-de-pantalla-2023-10-03-a-las-17.13.21-980x628.png 980w, https:\/\/copardom.org\/wp-content\/uploads\/2023\/10\/Captura-de-pantalla-2023-10-03-a-las-17.13.21-480x307.png 480w\" sizes=\"auto, (min-width: 0px) and (max-width: 480px) 480px, (min-width: 481px) and (max-width: 980px) 980px, (min-width: 981px) 1024px, 100vw\" \/><\/figure>\n\n\n\n<figure class=\"wp-block-image size-large\"><img loading=\"lazy\" decoding=\"async\" width=\"1024\" height=\"685\" data-id=\"391\" src=\"https:\/\/copardom.org\/wp-content\/uploads\/2023\/10\/Captura-de-pantalla-2023-10-03-a-las-17.15.24-1024x685.png\" alt=\"\" class=\"wp-image-391\" srcset=\"https:\/\/copardom.org\/wp-content\/uploads\/2023\/10\/Captura-de-pantalla-2023-10-03-a-las-17.15.24-980x656.png 980w, https:\/\/copardom.org\/wp-content\/uploads\/2023\/10\/Captura-de-pantalla-2023-10-03-a-las-17.15.24-480x321.png 480w\" sizes=\"auto, (min-width: 0px) and (max-width: 480px) 480px, (min-width: 481px) and (max-width: 980px) 980px, (min-width: 981px) 1024px, 100vw\" \/><\/figure>\n<\/figure>\n\n\n\n<p>COMUNICADO DE PRENSA<br>Lunes 25 de septiembre de 2023<\/p>\n\n\n\n<p>*Copardom analizar\u00e1 retos digitales de la seguridad y salud en el trabajo*<\/p>\n\n\n\n<p>_La entidad har\u00e1 el 9 y 10 de octubre pr\u00f3ximo una exposici\u00f3n comercial con el sector patronal y un congreso que abordar\u00e1 estos temas con expositores locales e internacionales._<\/p>\n\n\n\n<p>*Santo Domingo, Rep. Dom.-* Veinticuatro especialistas nacionales y de otras siete naciones de este continente y Europa analizar\u00e1n en el pa\u00eds los riesgos laborales en el \u201cXXI Congreso Copardom\u201d, con el tema \u201cRetos digitales y sociales de la seguridad y salud en el trabajo\u201d, organizada el 9 y 10 de octubre pr\u00f3ximo por la Confederaci\u00f3n Patronal de la Rep\u00fablica Dominicana.<\/p>\n\n\n\n<p>El evento internacional que contar\u00e1 con expositores de Espa\u00f1a, Canad\u00e1, Colombia, Uruguay, Chile, Per\u00fa y M\u00e9xico, ser\u00e1 iniciado con las palabras de la presidenta de la Copardom, Laura Pe\u00f1a Izquierda y el ministro de Trabajo, Luis Miguel De Camps, e incluye la realizaci\u00f3n de una exposici\u00f3n comercial, en el hotel Jaragua, en Santo Domingo.<\/p>\n\n\n\n<p>Los detalles del congreso fueron ofrecidos este lunes en un encuentro sostenido en la torre empresarial AIRD, por los directivos de Copardom, encabezado por Laura Pe\u00f1a Izquierdo, presidenta; H\u00e9ctor Bret\u00f3n, tesorero; Christy Luciano y Antonio Ramos, directores de la junta directiva, y Pedro Rodr\u00edguez, vicepresidente ejecutivo.<\/p>\n\n\n\n<p>La presidente de la Copardom explic\u00f3 que entre los objetivos de la actividad est\u00e1n la de promover en agentes econ\u00f3micos y sociales el fomento de la mejora de la seguridad y salud en el trabajo para garantizar el derecho fundamental de la Organizaci\u00f3n Internacional del Trabajo (OIT).<\/p>\n\n\n\n<p>Adem\u00e1s, fomentar el cumplimiento de los Objetivos de desarrollo sostenibles (ODS), incluir la Seguridad Social en el Trabajo (SST) como parte integral de la sostenibilidad generando mejora en la productividad de las empresas, incentivar las tendencias de la SST ante nuevas formas de trabajo y cambios tecnol\u00f3gicos.<\/p>\n\n\n\n<p>Pe\u00f1a Izquierdo manifest\u00f3 que el Congreso de Copardom tambi\u00e9n promover\u00e1 la salud mental y su influencia directa en los resultados de los trabajadores<\/p>\n","protected":false},"excerpt":{"rendered":"<p>COMUNICADO DE PRENSALunes 25 de septiembre de 2023 *Copardom analizar\u00e1 retos digitales de la seguridad y salud en el trabajo* _La entidad har\u00e1 el 9 y 10 de octubre pr\u00f3ximo [&hellip;]<\/p>\n","protected":false},"author":1,"featured_media":390,"comment_status":"closed","ping_status":"open","sticky":false,"template":"","format":"standard","meta":{"_et_pb_use_builder":"off","_et_pb_old_content":"","_et_gb_content_width":"","loftloader_page_shortcode":"","footnotes":""},"categories":[1],"tags":[],"class_list":["post-388","post","type-post","status-publish","format-standard","has-post-thumbnail","hentry","category-sin-categoria"],"_links":{"self":[{"href":"https:\/\/copardom.org\/index.php\/wp-json\/wp\/v2\/posts\/388","targetHints":{"allow":["GET"]}}],"collection":[{"href":"https:\/\/copardom.org\/index.php\/wp-json\/wp\/v2\/posts"}],"about":[{"href":"https:\/\/copardom.org\/index.php\/wp-json\/wp\/v2\/types\/post"}],"author":[{"embeddable":true,"href":"https:\/\/copardom.org\/index.php\/wp-json\/wp\/v2\/users\/1"}],"replies":[{"embeddable":true,"href":"https:\/\/copardom.org\/index.php\/wp-json\/wp\/v2\/comments?post=388"}],"version-history":[{"count":1,"href":"https:\/\/copardom.org\/index.php\/wp-json\/wp\/v2\/posts\/388\/revisions"}],"predecessor-version":[{"id":392,"href":"https:\/\/copardom.org\/index.php\/wp-json\/wp\/v2\/posts\/388\/revisions\/392"}],"wp:featuredmedia":[{"embeddable":true,"href":"https:\/\/copardom.org\/index.php\/wp-json\/wp\/v2\/media\/390"}],"wp:attachment":[{"href":"https:\/\/copardom.org\/index.php\/wp-json\/wp\/v2\/media?parent=388"}],"wp:term":[{"taxonomy":"category","embeddable":true,"href":"https:\/\/copardom.org\/index.php\/wp-json\/wp\/v2\/categories?post=388"},{"taxonomy":"post_tag","embeddable":true,"href":"https:\/\/copardom.org\/index.php\/wp-json\/wp\/v2\/tags?post=388"}],"curies":[{"name":"wp","href":"https:\/\/api.w.org\/{rel}","templated":true}]}}