{"id":926,"date":"2023-12-18T23:37:09","date_gmt":"2023-12-19T03:37:09","guid":{"rendered":"https:\/\/copardom.org\/?p=926"},"modified":"2023-12-18T23:37:11","modified_gmt":"2023-12-19T03:37:11","slug":"panorama-laboral-2023","status":"publish","type":"post","link":"https:\/\/copardom.org\/index.php\/2023\/12\/18\/panorama-laboral-2023\/","title":{"rendered":"Panorama laboral 2023"},"content":{"rendered":"\n<p><strong>La Oficina Regional de la OIT para Am\u00e9rica Latina y el Caribe\u00a0tiene el agrado de invitarlas e invitarlos al lanzamiento virtual del informe anual\u00a0<a href=\"https:\/\/adestra.ilo.org\/c\/11gfkzvoLZzKnjyW5kE3X4L0iBxa\" target=\"_blank\" rel=\"noreferrer noopener\"><em>Panorama Laboral 2023.<\/em><\/a><\/strong><br>\u00a0<br>El objetivo de esta conferencia de prensa virtual con la directora regional a.i. de OIT para Am\u00e9rica Latina y el Caribe, Claudia Coenjaerts y Roxana Maurizio, experta en mercados de trabajo de la regi\u00f3n y coordinadora del informe, es presentar datos sobre tasas de participaci\u00f3n, desocupaci\u00f3n, ocupaci\u00f3n y otros indicadores que reflejan el impacto de la inflaci\u00f3n en Am\u00e9rica Latina y el Caribe,\u00a0as\u00ed como la din\u00e1mica de los mercados laborales de la regi\u00f3n a casi cuatro a\u00f1os de la irrupci\u00f3n de la pandemia.\u00a0El informe se enmarca en un contexto mundial y regional caracterizado por las bajas tasas de crecimiento.<br>\u00a0<br>Este a\u00f1o, el informe incluye como tema especial, por los 30 a\u00f1os de publicaci\u00f3n ininterrumpida del Panorama Laboral, un an\u00e1lisis y reflexi\u00f3n sobre los cambios demogr\u00e1ficos, econ\u00f3micos y sociales que ha experimentado Am\u00e9rica Latina y el Caribe en las \u00faltimas tres d\u00e9cadas.<\/p>\n\n\n\n<p><strong>Informaci\u00f3n para los medios de comunicaci\u00f3n:<\/strong><\/p>\n\n\n\n<ul class=\"wp-block-list\">\n<li><strong>Fecha: 19 de diciembre de 2023<\/strong><\/li>\n\n\n\n<li>Hora: 10:00 AM Lima (15:00 GMT)<\/li>\n\n\n\n<li>Registro:&nbsp;<a href=\"https:\/\/adestra.ilo.org\/c\/11gfkCgGCtJtmpaccA29yzy8O1PM\" target=\"_blank\" rel=\"noreferrer noopener\">https:\/\/bit.ly\/PanoramaLaboral2023<\/a><\/li>\n\n\n\n<li>M\u00e1s informaci\u00f3n:&nbsp;<a href=\"https:\/\/adestra.ilo.org\/c\/11gfkDEkxIOkQWXPgcJcmjWI3JZ5\" target=\"_blank\" rel=\"noreferrer noopener\">https:\/\/www.ilo.org\/americas\/eventos-y-reuniones\/WCMS_906186\/lang&#8211;es\/index.htm<\/a><\/li>\n<\/ul>\n\n\n\n<p><strong>Para consultas:<\/strong><br><a href=\"mailto:prensa@ilo.org\" target=\"_blank\" rel=\"noreferrer noopener\">prensa@ilo.org<\/a><br>&nbsp;<\/p>\n","protected":false},"excerpt":{"rendered":"<p>La Oficina Regional de la OIT para Am\u00e9rica Latina y el Caribe\u00a0tiene el agrado de invitarlas e invitarlos al lanzamiento virtual del informe anual\u00a0Panorama Laboral 2023.\u00a0El objetivo de esta conferencia [&hellip;]<\/p>\n","protected":false},"author":1,"featured_media":927,"comment_status":"closed","ping_status":"open","sticky":false,"template":"","format":"standard","meta":{"_et_pb_use_builder":"off","_et_pb_old_content":"","_et_gb_content_width":"","loftloader_page_shortcode":"","footnotes":""},"categories":[1],"tags":[],"class_list":["post-926","post","type-post","status-publish","format-standard","has-post-thumbnail","hentry","category-sin-categoria"],"_links":{"self":[{"href":"https:\/\/copardom.org\/index.php\/wp-json\/wp\/v2\/posts\/926","targetHints":{"allow":["GET"]}}],"collection":[{"href":"https:\/\/copardom.org\/index.php\/wp-json\/wp\/v2\/posts"}],"about":[{"href":"https:\/\/copardom.org\/index.php\/wp-json\/wp\/v2\/types\/post"}],"author":[{"embeddable":true,"href":"https:\/\/copardom.org\/index.php\/wp-json\/wp\/v2\/users\/1"}],"replies":[{"embeddable":true,"href":"https:\/\/copardom.org\/index.php\/wp-json\/wp\/v2\/comments?post=926"}],"version-history":[{"count":1,"href":"https:\/\/copardom.org\/index.php\/wp-json\/wp\/v2\/posts\/926\/revisions"}],"predecessor-version":[{"id":928,"href":"https:\/\/copardom.org\/index.php\/wp-json\/wp\/v2\/posts\/926\/revisions\/928"}],"wp:featuredmedia":[{"embeddable":true,"href":"https:\/\/copardom.org\/index.php\/wp-json\/wp\/v2\/media\/927"}],"wp:attachment":[{"href":"https:\/\/copardom.org\/index.php\/wp-json\/wp\/v2\/media?parent=926"}],"wp:term":[{"taxonomy":"category","embeddable":true,"href":"https:\/\/copardom.org\/index.php\/wp-json\/wp\/v2\/categories?post=926"},{"taxonomy":"post_tag","embeddable":true,"href":"https:\/\/copardom.org\/index.php\/wp-json\/wp\/v2\/tags?post=926"}],"curies":[{"name":"wp","href":"https:\/\/api.w.org\/{rel}","templated":true}]}}